{"id":3929,"date":"2021-07-22T12:38:21","date_gmt":"2021-07-22T12:38:21","guid":{"rendered":"https:\/\/theta.com.ro\/from-the-ordinary-to-the-extraordinary-a-different-approach-of-transforming-a-simple-space-into-the-expression-of-a-companys-identity\/"},"modified":"2021-08-24T15:49:33","modified_gmt":"2021-08-24T15:49:33","slug":"de-la-ordinar-la-extraordinar-o-abordare-diferita-a-transformarii-unui-spatiu-simplu-in-expresia-identitatii-unei-companii","status":"publish","type":"post","link":"https:\/\/theta.com.ro\/ro\/de-la-ordinar-la-extraordinar-o-abordare-diferita-a-transformarii-unui-spatiu-simplu-in-expresia-identitatii-unei-companii\/","title":{"rendered":"De la ordinar la extraordinar! O abordare diferit\u0103 a transform\u0103rii unui spa\u021biu simplu \u00een expresia identit\u0103\u021bii unei companii!"},"content":{"rendered":"\t\t<div data-elementor-type=\"wp-post\" data-elementor-id=\"3929\" class=\"elementor elementor-3929 elementor-3156\">\n\t\t\t\t\t\t\t\t\t<section class=\"elementor-section elementor-top-section elementor-element elementor-element-24daa80 elementor-section-boxed elementor-section-height-default elementor-section-height-default\" data-id=\"24daa80\" data-element_type=\"section\">\n\t\t\t\t\t\t<div class=\"elementor-container elementor-column-gap-default\">\n\t\t\t\t\t<div class=\"elementor-column elementor-col-100 elementor-top-column elementor-element elementor-element-a7cb9bb\" data-id=\"a7cb9bb\" data-element_type=\"column\">\n\t\t\t<div class=\"elementor-widget-wrap elementor-element-populated\">\n\t\t\t\t\t\t\t\t<div class=\"elementor-element elementor-element-4de58f9 elementor-widget elementor-widget-text-editor\" data-id=\"4de58f9\" data-element_type=\"widget\" data-widget_type=\"text-editor.default\">\n\t\t\t\t<div class=\"elementor-widget-container\">\n\t\t\t\t\t\t\t<div class=\"article-intro\">\u00cen timp ce considera\u021biile practice \u00een renovarea spa\u021biilor sunt fundamental importante, o abordare cu iz de magie \u0219i autenticitate poate servi pentru a ad\u0103uga un sens \u0219i o personalizare mai profunde spa\u021biului companiei tale. THETA Furniture &amp; more ne spune cum.<\/div><div>\u00a0<\/div><p><strong>Care este povestea brand-ului THETA?<\/strong><\/p><p>THETA este un proiect lansat \u00een anul 2008, din ambi\u021bia \u0219i pasiunea a doi antreprenori tineri, cu experien\u021b\u0103 \u00een domeniul pardoselilor \u0219i produc\u021biei de mobilier standard pentru export, av\u00e2nd obiectivul de a face o diferen\u021b\u0103 \u00een industria de amenajare interioar\u0103 &amp; fit-out. De\u0219i am \u00eenceput ca fabrican\u021bi cu produc\u021bie proprie de mobil\u0103 custom made, nu am fost niciodat\u0103 doar at\u00e2t. THETA a activat acea parte din noi care nu se teme s\u0103 se aventureze \u00een proiecte complexe, cu necunoscute &amp; invariabile, \u0219i s\u0103 reu\u0219easc\u0103. \u00cenc\u0103 din stadiul de fa\u0219\u0103 a proiectului am sim\u021bit sc\u00e2nteia care porne\u0219te lucrurile.\u00a0 Acel \u201cfoc\u201d \u00eenc\u0103 arde \u0219i astfel ne men\u021binem curajul, entuziasmul de a face lucrurile s\u0103 se \u00eent\u00e2mple. De-a lungul timpului ne-am dezvoltat competen\u021bele \u00eentr-o plaj\u0103 mai larg\u0103, astfel \u00eenc\u00e2t \u00een ultimii 6 ani am gestionat proiecte complexe pentru clien\u021bi din industrii variate, din stadiu de proiect p\u00e2n\u0103 la implementare.<\/p>\t\t\t\t\t\t<\/div>\n\t\t\t\t<\/div>\n\t\t\t\t<div class=\"elementor-element elementor-element-b464f64 elementor-arrows-position-inside elementor-pagination-position-outside elementor-widget elementor-widget-image-carousel\" data-id=\"b464f64\" data-element_type=\"widget\" data-settings=\"{&quot;slides_to_show&quot;:&quot;1&quot;,&quot;navigation&quot;:&quot;both&quot;,&quot;autoplay&quot;:&quot;yes&quot;,&quot;pause_on_hover&quot;:&quot;yes&quot;,&quot;pause_on_interaction&quot;:&quot;yes&quot;,&quot;autoplay_speed&quot;:5000,&quot;infinite&quot;:&quot;yes&quot;,&quot;effect&quot;:&quot;slide&quot;,&quot;speed&quot;:500}\" data-widget_type=\"image-carousel.default\">\n\t\t\t\t<div class=\"elementor-widget-container\">\n\t\t\t\t\t<div class=\"elementor-image-carousel-wrapper swiper-container\" dir=\"ltr\">\n\t\t\t<div class=\"elementor-image-carousel swiper-wrapper\">\n\t\t\t\t\t\t\t\t<div class=\"swiper-slide\"><a data-elementor-open-lightbox=\"yes\" data-elementor-lightbox-slideshow=\"b464f64\" data-elementor-lightbox-title=\"Coperta_ForbesMai2021\" e-action-hash=\"#elementor-action%3Aaction%3Dlightbox%26settings%3DeyJpZCI6MzY2MCwidXJsIjoiaHR0cHM6XC9cL3RoZXRhLmNvbS5yb1wvd3AtY29udGVudFwvdXBsb2Fkc1wvMjAyMVwvMDdcL0NvcGVydGFfRm9yYmVzTWFpMjAyMS5qcGciLCJzbGlkZXNob3ciOiJiNDY0ZjY0In0%3D\" href=\"https:\/\/theta.com.ro\/wp-content\/uploads\/2021\/07\/Coperta_ForbesMai2021.jpg\"><figure class=\"swiper-slide-inner\"><img decoding=\"async\" class=\"swiper-slide-image\" src=\"https:\/\/theta.com.ro\/wp-content\/uploads\/elementor\/thumbs\/Coperta_ForbesMai2021-paob2ggl4i20n1k740zgxtrnyo95bb0mtqmyytaby8.jpg\" alt=\"Coperta_ForbesMai2021\" \/><\/figure><\/a><\/div><div class=\"swiper-slide\"><a data-elementor-open-lightbox=\"yes\" data-elementor-lightbox-slideshow=\"b464f64\" data-elementor-lightbox-title=\"0001\" e-action-hash=\"#elementor-action%3Aaction%3Dlightbox%26settings%3DeyJpZCI6NDEyMiwidXJsIjoiaHR0cHM6XC9cL3RoZXRhLmNvbS5yb1wvd3AtY29udGVudFwvdXBsb2Fkc1wvMjAyMVwvMDdcLzAwMDEtc2NhbGVkLmpwZyIsInNsaWRlc2hvdyI6ImI0NjRmNjQifQ%3D%3D\" href=\"https:\/\/theta.com.ro\/wp-content\/uploads\/2021\/07\/0001-scaled.jpg\"><figure class=\"swiper-slide-inner\"><img decoding=\"async\" class=\"swiper-slide-image\" src=\"https:\/\/theta.com.ro\/wp-content\/uploads\/elementor\/thumbs\/0001-scaled-paroiw9ciflfeicl51delggii5254jaonawndy87wg.jpg\" alt=\"0001\" \/><\/figure><\/a><\/div>\t\t\t<\/div>\n\t\t\t\t\t\t\t\t\t\t\t\t<div class=\"swiper-pagination\"><\/div>\n\t\t\t\t\t\t\t\t\t\t\t\t\t<div class=\"elementor-swiper-button elementor-swiper-button-prev\">\n\t\t\t\t\t\t<i aria-hidden=\"true\" class=\"eicon-chevron-left\"><\/i>\t\t\t\t\t\t<span class=\"elementor-screen-only\">Anterioar\u0103<\/span>\n\t\t\t\t\t<\/div>\n\t\t\t\t\t<div class=\"elementor-swiper-button elementor-swiper-button-next\">\n\t\t\t\t\t\t<i aria-hidden=\"true\" class=\"eicon-chevron-right\"><\/i>\t\t\t\t\t\t<span class=\"elementor-screen-only\">Urm\u0103toare<\/span>\n\t\t\t\t\t<\/div>\n\t\t\t\t\t\t\t\t\t<\/div>\n\t\t\t\t<\/div>\n\t\t\t\t<\/div>\n\t\t\t\t<div class=\"elementor-element elementor-element-c42cd18 elementor-widget elementor-widget-text-editor\" data-id=\"c42cd18\" data-element_type=\"widget\" data-widget_type=\"text-editor.default\">\n\t\t\t\t<div class=\"elementor-widget-container\">\n\t\t\t\t\t\t\t<p>Materialele moderne, accesoriile inovative, tehnologiile de ultim\u0103 genera\u021bie (mobilier custom made, mobilier standard, tavane inteligente, pardoseli practice, corpuri de iluminat, parti\u021bii de sticl\u0103 \u0219i altele) ne-au oferit avantaje competitive solide pentru \u00eendeplinirea cerin\u021belor clien\u021bilor.<\/p>\t\t\t\t\t\t<\/div>\n\t\t\t\t<\/div>\n\t\t\t\t\t<\/div>\n\t\t<\/div>\n\t\t\t\t\t\t\t<\/div>\n\t\t<\/section>\n\t\t\t\t\t\t\t<\/div>\n\t\t","protected":false},"excerpt":{"rendered":"<p>\u00cen timp ce considera\u021biile practice \u00een renovarea spa\u021biilor sunt fundamental importante, o abordare cu iz de magie \u0219i autenticitate poate servi pentru a ad\u0103uga un sens \u0219i o personalizare mai profunde spa\u021biului companiei tale. THETA Furniture &amp; more ne spune cum.\u00a0 Care este povestea brand-ului THETA? THETA este un proiect lansat \u00een anul 2008, din [&hellip;]<\/p>\n","protected":false},"author":1,"featured_media":5326,"comment_status":"open","ping_status":"open","sticky":false,"template":"","format":"standard","meta":{"footnotes":""},"categories":[41],"tags":[46],"class_list":["post-3929","post","type-post","status-publish","format-standard","has-post-thumbnail","hentry","category-articles-ro","tag-listing-ro"],"yoast_head":"<!-- This site is optimized with the Yoast SEO plugin v17.0 - https:\/\/yoast.com\/wordpress\/plugins\/seo\/ -->\n<title>De la ordinar la extraordinar! O abordare diferit\u0103 a transform\u0103rii unui spa\u021biu simplu \u00een expresia identit\u0103\u021bii unei companii! - Theta Furniture &amp; More<\/title>\n<meta name=\"robots\" content=\"index, follow, max-snippet:-1, max-image-preview:large, max-video-preview:-1\" \/>\n<link rel=\"canonical\" href=\"https:\/\/theta.com.ro\/ro\/de-la-ordinar-la-extraordinar-o-abordare-diferita-a-transformarii-unui-spatiu-simplu-in-expresia-identitatii-unei-companii\/\" \/>\n<meta property=\"og:locale\" content=\"ro_RO\" \/>\n<meta property=\"og:type\" content=\"article\" \/>\n<meta property=\"og:title\" content=\"De la ordinar la extraordinar! O abordare diferit\u0103 a transform\u0103rii unui spa\u021biu simplu \u00een expresia identit\u0103\u021bii unei companii! - Theta Furniture &amp; More\" \/>\n<meta property=\"og:description\" content=\"\u00cen timp ce considera\u021biile practice \u00een renovarea spa\u021biilor sunt fundamental importante, o abordare cu iz de magie \u0219i autenticitate poate servi pentru a ad\u0103uga un sens \u0219i o personalizare mai profunde spa\u021biului companiei tale. THETA Furniture &amp; more ne spune cum.\u00a0 Care este povestea brand-ului THETA? THETA este un proiect lansat \u00een anul 2008, din [&hellip;]\" \/>\n<meta property=\"og:url\" content=\"https:\/\/theta.com.ro\/ro\/de-la-ordinar-la-extraordinar-o-abordare-diferita-a-transformarii-unui-spatiu-simplu-in-expresia-identitatii-unei-companii\/\" \/>\n<meta property=\"og:site_name\" content=\"Theta Furniture &amp; More\" \/>\n<meta property=\"article:published_time\" content=\"2021-07-22T12:38:21+00:00\" \/>\n<meta property=\"article:modified_time\" content=\"2021-08-24T15:49:33+00:00\" \/>\n<meta property=\"og:image\" content=\"https:\/\/theta.com.ro\/wp-content\/uploads\/2021\/07\/Florin-Gheorghe_THETA-min-scaled-1_edited.jpg\" \/>\n\t<meta property=\"og:image:width\" content=\"1904\" \/>\n\t<meta property=\"og:image:height\" content=\"1954\" \/>\n<meta name=\"twitter:card\" content=\"summary_large_image\" \/>\n<meta name=\"twitter:label1\" content=\"Scris de\" \/>\n\t<meta name=\"twitter:data1\" content=\"admin\" \/>\n\t<meta name=\"twitter:label2\" content=\"Timp estimat pentru citire\" \/>\n\t<meta name=\"twitter:data2\" content=\"1 minut\" \/>\n<script type=\"application\/ld+json\" class=\"yoast-schema-graph\">{\"@context\":\"https:\/\/schema.org\",\"@graph\":[{\"@type\":\"Organization\",\"@id\":\"https:\/\/theta.com.ro\/ro\/#organization\",\"name\":\"Theta Furniture & More\",\"url\":\"https:\/\/theta.com.ro\/ro\/\",\"sameAs\":[],\"logo\":{\"@type\":\"ImageObject\",\"@id\":\"https:\/\/theta.com.ro\/ro\/#logo\",\"inLanguage\":\"ro-RO\",\"url\":\"https:\/\/theta.com.ro\/wp-content\/uploads\/2021\/06\/Theta_logo.png\",\"contentUrl\":\"https:\/\/theta.com.ro\/wp-content\/uploads\/2021\/06\/Theta_logo.png\",\"width\":236,\"height\":84,\"caption\":\"Theta Furniture & More\"},\"image\":{\"@id\":\"https:\/\/theta.com.ro\/ro\/#logo\"}},{\"@type\":\"WebSite\",\"@id\":\"https:\/\/theta.com.ro\/ro\/#website\",\"url\":\"https:\/\/theta.com.ro\/ro\/\",\"name\":\"Theta Furniture &amp; More\",\"description\":\"Furniture &amp; More\",\"publisher\":{\"@id\":\"https:\/\/theta.com.ro\/ro\/#organization\"},\"potentialAction\":[{\"@type\":\"SearchAction\",\"target\":{\"@type\":\"EntryPoint\",\"urlTemplate\":\"https:\/\/theta.com.ro\/ro\/?s={search_term_string}\"},\"query-input\":\"required name=search_term_string\"}],\"inLanguage\":\"ro-RO\"},{\"@type\":\"ImageObject\",\"@id\":\"https:\/\/theta.com.ro\/ro\/de-la-ordinar-la-extraordinar-o-abordare-diferita-a-transformarii-unui-spatiu-simplu-in-expresia-identitatii-unei-companii\/#primaryimage\",\"inLanguage\":\"ro-RO\",\"url\":\"https:\/\/theta.com.ro\/wp-content\/uploads\/2021\/07\/Florin-Gheorghe_THETA-min-scaled-1_edited.jpg\",\"contentUrl\":\"https:\/\/theta.com.ro\/wp-content\/uploads\/2021\/07\/Florin-Gheorghe_THETA-min-scaled-1_edited.jpg\",\"width\":1904,\"height\":1954},{\"@type\":\"WebPage\",\"@id\":\"https:\/\/theta.com.ro\/ro\/de-la-ordinar-la-extraordinar-o-abordare-diferita-a-transformarii-unui-spatiu-simplu-in-expresia-identitatii-unei-companii\/#webpage\",\"url\":\"https:\/\/theta.com.ro\/ro\/de-la-ordinar-la-extraordinar-o-abordare-diferita-a-transformarii-unui-spatiu-simplu-in-expresia-identitatii-unei-companii\/\",\"name\":\"De la ordinar la extraordinar! O abordare diferit\\u0103 a transform\\u0103rii unui spa\\u021biu simplu \\u00een expresia identit\\u0103\\u021bii unei companii! - Theta Furniture &amp; More\",\"isPartOf\":{\"@id\":\"https:\/\/theta.com.ro\/ro\/#website\"},\"primaryImageOfPage\":{\"@id\":\"https:\/\/theta.com.ro\/ro\/de-la-ordinar-la-extraordinar-o-abordare-diferita-a-transformarii-unui-spatiu-simplu-in-expresia-identitatii-unei-companii\/#primaryimage\"},\"datePublished\":\"2021-07-22T12:38:21+00:00\",\"dateModified\":\"2021-08-24T15:49:33+00:00\",\"breadcrumb\":{\"@id\":\"https:\/\/theta.com.ro\/ro\/de-la-ordinar-la-extraordinar-o-abordare-diferita-a-transformarii-unui-spatiu-simplu-in-expresia-identitatii-unei-companii\/#breadcrumb\"},\"inLanguage\":\"ro-RO\",\"potentialAction\":[{\"@type\":\"ReadAction\",\"target\":[\"https:\/\/theta.com.ro\/ro\/de-la-ordinar-la-extraordinar-o-abordare-diferita-a-transformarii-unui-spatiu-simplu-in-expresia-identitatii-unei-companii\/\"]}]},{\"@type\":\"BreadcrumbList\",\"@id\":\"https:\/\/theta.com.ro\/ro\/de-la-ordinar-la-extraordinar-o-abordare-diferita-a-transformarii-unui-spatiu-simplu-in-expresia-identitatii-unei-companii\/#breadcrumb\",\"itemListElement\":[{\"@type\":\"ListItem\",\"position\":1,\"name\":\"Home\",\"item\":\"https:\/\/theta.com.ro\/ro\/\"},{\"@type\":\"ListItem\",\"position\":2,\"name\":\"De la ordinar la extraordinar! O abordare diferit\\u0103 a transform\\u0103rii unui spa\\u021biu simplu \\u00een expresia identit\\u0103\\u021bii unei companii!\"}]},{\"@type\":\"Article\",\"@id\":\"https:\/\/theta.com.ro\/ro\/de-la-ordinar-la-extraordinar-o-abordare-diferita-a-transformarii-unui-spatiu-simplu-in-expresia-identitatii-unei-companii\/#article\",\"isPartOf\":{\"@id\":\"https:\/\/theta.com.ro\/ro\/de-la-ordinar-la-extraordinar-o-abordare-diferita-a-transformarii-unui-spatiu-simplu-in-expresia-identitatii-unei-companii\/#webpage\"},\"author\":{\"@id\":\"https:\/\/theta.com.ro\/ro\/#\/schema\/person\/3ae90dffa64cb909bb448b3ba0286c3a\"},\"headline\":\"De la ordinar la extraordinar! O abordare diferit\\u0103 a transform\\u0103rii unui spa\\u021biu simplu \\u00een expresia identit\\u0103\\u021bii unei companii!\",\"datePublished\":\"2021-07-22T12:38:21+00:00\",\"dateModified\":\"2021-08-24T15:49:33+00:00\",\"mainEntityOfPage\":{\"@id\":\"https:\/\/theta.com.ro\/ro\/de-la-ordinar-la-extraordinar-o-abordare-diferita-a-transformarii-unui-spatiu-simplu-in-expresia-identitatii-unei-companii\/#webpage\"},\"wordCount\":272,\"commentCount\":0,\"publisher\":{\"@id\":\"https:\/\/theta.com.ro\/ro\/#organization\"},\"image\":{\"@id\":\"https:\/\/theta.com.ro\/ro\/de-la-ordinar-la-extraordinar-o-abordare-diferita-a-transformarii-unui-spatiu-simplu-in-expresia-identitatii-unei-companii\/#primaryimage\"},\"thumbnailUrl\":\"https:\/\/theta.com.ro\/wp-content\/uploads\/2021\/07\/Florin-Gheorghe_THETA-min-scaled-1_edited.jpg\",\"keywords\":[\"listing\"],\"articleSection\":[\"Articole\"],\"inLanguage\":\"ro-RO\",\"potentialAction\":[{\"@type\":\"CommentAction\",\"name\":\"Comment\",\"target\":[\"https:\/\/theta.com.ro\/ro\/de-la-ordinar-la-extraordinar-o-abordare-diferita-a-transformarii-unui-spatiu-simplu-in-expresia-identitatii-unei-companii\/#respond\"]}]},{\"@type\":\"Person\",\"@id\":\"https:\/\/theta.com.ro\/ro\/#\/schema\/person\/3ae90dffa64cb909bb448b3ba0286c3a\",\"name\":\"admin\",\"image\":{\"@type\":\"ImageObject\",\"@id\":\"https:\/\/theta.com.ro\/ro\/#personlogo\",\"inLanguage\":\"ro-RO\",\"url\":\"https:\/\/secure.gravatar.com\/avatar\/ca84882bae0e1d313b444d0b0619c28e16c83d6bb09108b1c63b19367d017437?s=96&d=mm&r=g\",\"contentUrl\":\"https:\/\/secure.gravatar.com\/avatar\/ca84882bae0e1d313b444d0b0619c28e16c83d6bb09108b1c63b19367d017437?s=96&d=mm&r=g\",\"caption\":\"admin\"},\"sameAs\":[\"https:\/\/theta.com.ro\"]}]}<\/script>\n<!-- \/ Yoast SEO plugin. -->","yoast_head_json":{"title":"De la ordinar la extraordinar! O abordare diferit\u0103 a transform\u0103rii unui spa\u021biu simplu \u00een expresia identit\u0103\u021bii unei companii! - Theta Furniture &amp; More","robots":{"index":"index","follow":"follow","max-snippet":"max-snippet:-1","max-image-preview":"max-image-preview:large","max-video-preview":"max-video-preview:-1"},"canonical":"https:\/\/theta.com.ro\/ro\/de-la-ordinar-la-extraordinar-o-abordare-diferita-a-transformarii-unui-spatiu-simplu-in-expresia-identitatii-unei-companii\/","og_locale":"ro_RO","og_type":"article","og_title":"De la ordinar la extraordinar! O abordare diferit\u0103 a transform\u0103rii unui spa\u021biu simplu \u00een expresia identit\u0103\u021bii unei companii! - Theta Furniture &amp; More","og_description":"\u00cen timp ce considera\u021biile practice \u00een renovarea spa\u021biilor sunt fundamental importante, o abordare cu iz de magie \u0219i autenticitate poate servi pentru a ad\u0103uga un sens \u0219i o personalizare mai profunde spa\u021biului companiei tale. THETA Furniture &amp; more ne spune cum.\u00a0 Care este povestea brand-ului THETA? THETA este un proiect lansat \u00een anul 2008, din [&hellip;]","og_url":"https:\/\/theta.com.ro\/ro\/de-la-ordinar-la-extraordinar-o-abordare-diferita-a-transformarii-unui-spatiu-simplu-in-expresia-identitatii-unei-companii\/","og_site_name":"Theta Furniture &amp; More","article_published_time":"2021-07-22T12:38:21+00:00","article_modified_time":"2021-08-24T15:49:33+00:00","og_image":[{"width":1904,"height":1954,"url":"https:\/\/theta.com.ro\/wp-content\/uploads\/2021\/07\/Florin-Gheorghe_THETA-min-scaled-1_edited.jpg","path":"\/home\/thetacom\/public_html\/wp-content\/uploads\/2021\/07\/Florin-Gheorghe_THETA-min-scaled-1_edited.jpg","size":"full","id":5326,"alt":"","pixels":3720416,"type":"image\/jpeg"}],"twitter_card":"summary_large_image","twitter_misc":{"Scris de":"admin","Timp estimat pentru citire":"1 minut"},"schema":{"@context":"https:\/\/schema.org","@graph":[{"@type":"Organization","@id":"https:\/\/theta.com.ro\/ro\/#organization","name":"Theta Furniture & More","url":"https:\/\/theta.com.ro\/ro\/","sameAs":[],"logo":{"@type":"ImageObject","@id":"https:\/\/theta.com.ro\/ro\/#logo","inLanguage":"ro-RO","url":"https:\/\/theta.com.ro\/wp-content\/uploads\/2021\/06\/Theta_logo.png","contentUrl":"https:\/\/theta.com.ro\/wp-content\/uploads\/2021\/06\/Theta_logo.png","width":236,"height":84,"caption":"Theta Furniture & More"},"image":{"@id":"https:\/\/theta.com.ro\/ro\/#logo"}},{"@type":"WebSite","@id":"https:\/\/theta.com.ro\/ro\/#website","url":"https:\/\/theta.com.ro\/ro\/","name":"Theta Furniture &amp; More","description":"Furniture &amp; More","publisher":{"@id":"https:\/\/theta.com.ro\/ro\/#organization"},"potentialAction":[{"@type":"SearchAction","target":{"@type":"EntryPoint","urlTemplate":"https:\/\/theta.com.ro\/ro\/?s={search_term_string}"},"query-input":"required name=search_term_string"}],"inLanguage":"ro-RO"},{"@type":"ImageObject","@id":"https:\/\/theta.com.ro\/ro\/de-la-ordinar-la-extraordinar-o-abordare-diferita-a-transformarii-unui-spatiu-simplu-in-expresia-identitatii-unei-companii\/#primaryimage","inLanguage":"ro-RO","url":"https:\/\/theta.com.ro\/wp-content\/uploads\/2021\/07\/Florin-Gheorghe_THETA-min-scaled-1_edited.jpg","contentUrl":"https:\/\/theta.com.ro\/wp-content\/uploads\/2021\/07\/Florin-Gheorghe_THETA-min-scaled-1_edited.jpg","width":1904,"height":1954},{"@type":"WebPage","@id":"https:\/\/theta.com.ro\/ro\/de-la-ordinar-la-extraordinar-o-abordare-diferita-a-transformarii-unui-spatiu-simplu-in-expresia-identitatii-unei-companii\/#webpage","url":"https:\/\/theta.com.ro\/ro\/de-la-ordinar-la-extraordinar-o-abordare-diferita-a-transformarii-unui-spatiu-simplu-in-expresia-identitatii-unei-companii\/","name":"De la ordinar la extraordinar! O abordare diferit\u0103 a transform\u0103rii unui spa\u021biu simplu \u00een expresia identit\u0103\u021bii unei companii! - Theta Furniture &amp; More","isPartOf":{"@id":"https:\/\/theta.com.ro\/ro\/#website"},"primaryImageOfPage":{"@id":"https:\/\/theta.com.ro\/ro\/de-la-ordinar-la-extraordinar-o-abordare-diferita-a-transformarii-unui-spatiu-simplu-in-expresia-identitatii-unei-companii\/#primaryimage"},"datePublished":"2021-07-22T12:38:21+00:00","dateModified":"2021-08-24T15:49:33+00:00","breadcrumb":{"@id":"https:\/\/theta.com.ro\/ro\/de-la-ordinar-la-extraordinar-o-abordare-diferita-a-transformarii-unui-spatiu-simplu-in-expresia-identitatii-unei-companii\/#breadcrumb"},"inLanguage":"ro-RO","potentialAction":[{"@type":"ReadAction","target":["https:\/\/theta.com.ro\/ro\/de-la-ordinar-la-extraordinar-o-abordare-diferita-a-transformarii-unui-spatiu-simplu-in-expresia-identitatii-unei-companii\/"]}]},{"@type":"BreadcrumbList","@id":"https:\/\/theta.com.ro\/ro\/de-la-ordinar-la-extraordinar-o-abordare-diferita-a-transformarii-unui-spatiu-simplu-in-expresia-identitatii-unei-companii\/#breadcrumb","itemListElement":[{"@type":"ListItem","position":1,"name":"Home","item":"https:\/\/theta.com.ro\/ro\/"},{"@type":"ListItem","position":2,"name":"De la ordinar la extraordinar! O abordare diferit\u0103 a transform\u0103rii unui spa\u021biu simplu \u00een expresia identit\u0103\u021bii unei companii!"}]},{"@type":"Article","@id":"https:\/\/theta.com.ro\/ro\/de-la-ordinar-la-extraordinar-o-abordare-diferita-a-transformarii-unui-spatiu-simplu-in-expresia-identitatii-unei-companii\/#article","isPartOf":{"@id":"https:\/\/theta.com.ro\/ro\/de-la-ordinar-la-extraordinar-o-abordare-diferita-a-transformarii-unui-spatiu-simplu-in-expresia-identitatii-unei-companii\/#webpage"},"author":{"@id":"https:\/\/theta.com.ro\/ro\/#\/schema\/person\/3ae90dffa64cb909bb448b3ba0286c3a"},"headline":"De la ordinar la extraordinar! O abordare diferit\u0103 a transform\u0103rii unui spa\u021biu simplu \u00een expresia identit\u0103\u021bii unei companii!","datePublished":"2021-07-22T12:38:21+00:00","dateModified":"2021-08-24T15:49:33+00:00","mainEntityOfPage":{"@id":"https:\/\/theta.com.ro\/ro\/de-la-ordinar-la-extraordinar-o-abordare-diferita-a-transformarii-unui-spatiu-simplu-in-expresia-identitatii-unei-companii\/#webpage"},"wordCount":272,"commentCount":0,"publisher":{"@id":"https:\/\/theta.com.ro\/ro\/#organization"},"image":{"@id":"https:\/\/theta.com.ro\/ro\/de-la-ordinar-la-extraordinar-o-abordare-diferita-a-transformarii-unui-spatiu-simplu-in-expresia-identitatii-unei-companii\/#primaryimage"},"thumbnailUrl":"https:\/\/theta.com.ro\/wp-content\/uploads\/2021\/07\/Florin-Gheorghe_THETA-min-scaled-1_edited.jpg","keywords":["listing"],"articleSection":["Articole"],"inLanguage":"ro-RO","potentialAction":[{"@type":"CommentAction","name":"Comment","target":["https:\/\/theta.com.ro\/ro\/de-la-ordinar-la-extraordinar-o-abordare-diferita-a-transformarii-unui-spatiu-simplu-in-expresia-identitatii-unei-companii\/#respond"]}]},{"@type":"Person","@id":"https:\/\/theta.com.ro\/ro\/#\/schema\/person\/3ae90dffa64cb909bb448b3ba0286c3a","name":"admin","image":{"@type":"ImageObject","@id":"https:\/\/theta.com.ro\/ro\/#personlogo","inLanguage":"ro-RO","url":"https:\/\/secure.gravatar.com\/avatar\/ca84882bae0e1d313b444d0b0619c28e16c83d6bb09108b1c63b19367d017437?s=96&d=mm&r=g","contentUrl":"https:\/\/secure.gravatar.com\/avatar\/ca84882bae0e1d313b444d0b0619c28e16c83d6bb09108b1c63b19367d017437?s=96&d=mm&r=g","caption":"admin"},"sameAs":["https:\/\/theta.com.ro"]}]}},"_links":{"self":[{"href":"https:\/\/theta.com.ro\/ro\/wp-json\/wp\/v2\/posts\/3929","targetHints":{"allow":["GET"]}}],"collection":[{"href":"https:\/\/theta.com.ro\/ro\/wp-json\/wp\/v2\/posts"}],"about":[{"href":"https:\/\/theta.com.ro\/ro\/wp-json\/wp\/v2\/types\/post"}],"author":[{"embeddable":true,"href":"https:\/\/theta.com.ro\/ro\/wp-json\/wp\/v2\/users\/1"}],"replies":[{"embeddable":true,"href":"https:\/\/theta.com.ro\/ro\/wp-json\/wp\/v2\/comments?post=3929"}],"version-history":[{"count":27,"href":"https:\/\/theta.com.ro\/ro\/wp-json\/wp\/v2\/posts\/3929\/revisions"}],"predecessor-version":[{"id":6004,"href":"https:\/\/theta.com.ro\/ro\/wp-json\/wp\/v2\/posts\/3929\/revisions\/6004"}],"wp:featuredmedia":[{"embeddable":true,"href":"https:\/\/theta.com.ro\/ro\/wp-json\/wp\/v2\/media\/5326"}],"wp:attachment":[{"href":"https:\/\/theta.com.ro\/ro\/wp-json\/wp\/v2\/media?parent=3929"}],"wp:term":[{"taxonomy":"category","embeddable":true,"href":"https:\/\/theta.com.ro\/ro\/wp-json\/wp\/v2\/categories?post=3929"},{"taxonomy":"post_tag","embeddable":true,"href":"https:\/\/theta.com.ro\/ro\/wp-json\/wp\/v2\/tags?post=3929"}],"curies":[{"name":"wp","href":"https:\/\/api.w.org\/{rel}","templated":true}]}}