{"id":6057,"date":"2021-08-12T07:06:08","date_gmt":"2021-08-12T07:06:08","guid":{"rendered":"https:\/\/theta.com.ro\/gtc-romania-continues-new-tenants-streakcity-gate-welcomes-theta-on-board\/"},"modified":"2022-05-26T07:35:25","modified_gmt":"2022-05-26T07:35:25","slug":"producatorul-local-de-mobilier-theta-isi-muta-sediul-central-si-showroom-ul-in-cladirea-de-birouri-city-gate-pana-in-martie-2022","status":"publish","type":"post","link":"https:\/\/theta.com.ro\/ro\/producatorul-local-de-mobilier-theta-isi-muta-sediul-central-si-showroom-ul-in-cladirea-de-birouri-city-gate-pana-in-martie-2022\/","title":{"rendered":"Produc\u0103torul local de mobilier Theta \u00ee\u015fi mut\u0103 sediul central \u015fi showroom-ul \u00een cl\u0103direa de birouri City Gate, p\u00e2n\u0103 \u00een martie 2022"},"content":{"rendered":"\t\t<div data-elementor-type=\"wp-post\" data-elementor-id=\"6057\" class=\"elementor elementor-6057\">\n\t\t\t\t\t\t\t\t\t<section class=\"elementor-section elementor-top-section elementor-element elementor-element-5edf7117 elementor-section-boxed elementor-section-height-default elementor-section-height-default\" data-id=\"5edf7117\" data-element_type=\"section\">\n\t\t\t\t\t\t<div class=\"elementor-container elementor-column-gap-default\">\n\t\t\t\t\t<div class=\"elementor-column elementor-col-100 elementor-top-column elementor-element elementor-element-42e42b10\" data-id=\"42e42b10\" data-element_type=\"column\">\n\t\t\t<div class=\"elementor-widget-wrap elementor-element-populated\">\n\t\t\t\t\t\t\t\t<div class=\"elementor-element elementor-element-3b238f9d elementor-widget elementor-widget-text-editor\" data-id=\"3b238f9d\" data-element_type=\"widget\" data-widget_type=\"text-editor.default\">\n\t\t\t\t<div class=\"elementor-widget-container\">\n\t\t\t\t\t\t\t<p>Produc\u0103torul local de mobilier \u015fi consultan\u0163\u0103 \u00een design interior Theta a \u00eenchiriat 1000 mp \u00een cl\u0103direa de birouri City Gate \u015fi va transfera aici sediul central \u015fi showroom-ul, p\u00e2n\u0103 \u00een martie 2022.<\/p><p>Contractul de \u00eenchiriere a fost semnat pe o perioad\u0103 de 5 ani.<\/p><p>\u201eSuntem foarte bucuro\u0219i s\u0103 anun\u021b\u0103m mutarea sediului nostru central \u0219i a showroom-ului principal \u00een City Gate South Tower. Credem c\u0103 sinergia dintre cl\u0103direa reprezentativ\u0103 City Gate \u0219i calitatea produselor \u0219i serviciilor pe care le oferim vor duce la o experien\u021b\u0103 de succes, pentru clien\u021bii \u0219i angaja\u021bii no\u0219tri\u201d,\u00a0 adaug\u0103 Florin Gheorghe, <strong>CEO THETA Furniture &amp; More<\/strong>.\u00a0<\/p>\t\t\t\t\t\t<\/div>\n\t\t\t\t<\/div>\n\t\t\t\t\t<\/div>\n\t\t<\/div>\n\t\t\t\t\t\t\t<\/div>\n\t\t<\/section>\n\t\t\t\t\t\t\t<\/div>\n\t\t","protected":false},"excerpt":{"rendered":"<p>Produc\u0103torul local de mobilier \u015fi consultan\u0163\u0103 \u00een design interior Theta a \u00eenchiriat 1000 mp \u00een cl\u0103direa de birouri City Gate \u015fi va transfera aici sediul central \u015fi showroom-ul, p\u00e2n\u0103 \u00een martie 2022. Contractul de \u00eenchiriere a fost semnat pe o perioad\u0103 de 5 ani. \u201eSuntem foarte bucuro\u0219i s\u0103 anun\u021b\u0103m mutarea sediului nostru central \u0219i a [&hellip;]<\/p>\n","protected":false},"author":1,"featured_media":6047,"comment_status":"open","ping_status":"open","sticky":false,"template":"","format":"standard","meta":{"footnotes":""},"categories":[41],"tags":[45,46],"class_list":["post-6057","post","type-post","status-publish","format-standard","has-post-thumbnail","hentry","category-articles-ro","tag-homepage-ro","tag-listing-ro"],"yoast_head":"<!-- This site is optimized with the Yoast SEO plugin v17.0 - https:\/\/yoast.com\/wordpress\/plugins\/seo\/ -->\n<title>Produc\u0103torul local de mobilier Theta \u00ee\u015fi mut\u0103 sediul central \u015fi showroom-ul \u00een cl\u0103direa de birouri City Gate, p\u00e2n\u0103 \u00een martie 2022 - Theta Furniture &amp; More<\/title>\n<meta name=\"robots\" content=\"index, follow, max-snippet:-1, max-image-preview:large, max-video-preview:-1\" \/>\n<link rel=\"canonical\" href=\"https:\/\/theta.com.ro\/ro\/producatorul-local-de-mobilier-theta-isi-muta-sediul-central-si-showroom-ul-in-cladirea-de-birouri-city-gate-pana-in-martie-2022\/\" \/>\n<meta property=\"og:locale\" content=\"ro_RO\" \/>\n<meta property=\"og:type\" content=\"article\" \/>\n<meta property=\"og:title\" content=\"Produc\u0103torul local de mobilier Theta \u00ee\u015fi mut\u0103 sediul central \u015fi showroom-ul \u00een cl\u0103direa de birouri City Gate, p\u00e2n\u0103 \u00een martie 2022 - Theta Furniture &amp; More\" \/>\n<meta property=\"og:description\" content=\"Produc\u0103torul local de mobilier \u015fi consultan\u0163\u0103 \u00een design interior Theta a \u00eenchiriat 1000 mp \u00een cl\u0103direa de birouri City Gate \u015fi va transfera aici sediul central \u015fi showroom-ul, p\u00e2n\u0103 \u00een martie 2022. Contractul de \u00eenchiriere a fost semnat pe o perioad\u0103 de 5 ani. \u201eSuntem foarte bucuro\u0219i s\u0103 anun\u021b\u0103m mutarea sediului nostru central \u0219i a [&hellip;]\" \/>\n<meta property=\"og:url\" content=\"https:\/\/theta.com.ro\/ro\/producatorul-local-de-mobilier-theta-isi-muta-sediul-central-si-showroom-ul-in-cladirea-de-birouri-city-gate-pana-in-martie-2022\/\" \/>\n<meta property=\"og:site_name\" content=\"Theta Furniture &amp; More\" \/>\n<meta property=\"article:published_time\" content=\"2021-08-12T07:06:08+00:00\" \/>\n<meta property=\"article:modified_time\" content=\"2022-05-26T07:35:25+00:00\" \/>\n<meta property=\"og:image\" content=\"https:\/\/theta.com.ro\/wp-content\/uploads\/2021\/08\/city-gate-gtc-romania-002.jpg\" \/>\n\t<meta property=\"og:image:width\" content=\"1690\" \/>\n\t<meta property=\"og:image:height\" content=\"1010\" \/>\n<meta name=\"twitter:card\" content=\"summary_large_image\" \/>\n<meta name=\"twitter:label1\" content=\"Scris de\" \/>\n\t<meta name=\"twitter:data1\" content=\"admin\" \/>\n\t<meta name=\"twitter:label2\" content=\"Timp estimat pentru citire\" \/>\n\t<meta name=\"twitter:data2\" content=\"1 minut\" \/>\n<script type=\"application\/ld+json\" class=\"yoast-schema-graph\">{\"@context\":\"https:\/\/schema.org\",\"@graph\":[{\"@type\":\"Organization\",\"@id\":\"https:\/\/theta.com.ro\/ro\/#organization\",\"name\":\"Theta Furniture & More\",\"url\":\"https:\/\/theta.com.ro\/ro\/\",\"sameAs\":[],\"logo\":{\"@type\":\"ImageObject\",\"@id\":\"https:\/\/theta.com.ro\/ro\/#logo\",\"inLanguage\":\"ro-RO\",\"url\":\"https:\/\/theta.com.ro\/wp-content\/uploads\/2021\/06\/Theta_logo.png\",\"contentUrl\":\"https:\/\/theta.com.ro\/wp-content\/uploads\/2021\/06\/Theta_logo.png\",\"width\":236,\"height\":84,\"caption\":\"Theta Furniture & More\"},\"image\":{\"@id\":\"https:\/\/theta.com.ro\/ro\/#logo\"}},{\"@type\":\"WebSite\",\"@id\":\"https:\/\/theta.com.ro\/ro\/#website\",\"url\":\"https:\/\/theta.com.ro\/ro\/\",\"name\":\"Theta Furniture &amp; More\",\"description\":\"Furniture &amp; More\",\"publisher\":{\"@id\":\"https:\/\/theta.com.ro\/ro\/#organization\"},\"potentialAction\":[{\"@type\":\"SearchAction\",\"target\":{\"@type\":\"EntryPoint\",\"urlTemplate\":\"https:\/\/theta.com.ro\/ro\/?s={search_term_string}\"},\"query-input\":\"required name=search_term_string\"}],\"inLanguage\":\"ro-RO\"},{\"@type\":\"ImageObject\",\"@id\":\"https:\/\/theta.com.ro\/ro\/producatorul-local-de-mobilier-theta-isi-muta-sediul-central-si-showroom-ul-in-cladirea-de-birouri-city-gate-pana-in-martie-2022\/#primaryimage\",\"inLanguage\":\"ro-RO\",\"url\":\"https:\/\/theta.com.ro\/wp-content\/uploads\/2021\/08\/city-gate-gtc-romania-002.jpg\",\"contentUrl\":\"https:\/\/theta.com.ro\/wp-content\/uploads\/2021\/08\/city-gate-gtc-romania-002.jpg\",\"width\":1690,\"height\":1010},{\"@type\":\"WebPage\",\"@id\":\"https:\/\/theta.com.ro\/ro\/producatorul-local-de-mobilier-theta-isi-muta-sediul-central-si-showroom-ul-in-cladirea-de-birouri-city-gate-pana-in-martie-2022\/#webpage\",\"url\":\"https:\/\/theta.com.ro\/ro\/producatorul-local-de-mobilier-theta-isi-muta-sediul-central-si-showroom-ul-in-cladirea-de-birouri-city-gate-pana-in-martie-2022\/\",\"name\":\"Produc\\u0103torul local de mobilier Theta \\u00ee\\u015fi mut\\u0103 sediul central \\u015fi showroom-ul \\u00een cl\\u0103direa de birouri City Gate, p\\u00e2n\\u0103 \\u00een martie 2022 - Theta Furniture &amp; More\",\"isPartOf\":{\"@id\":\"https:\/\/theta.com.ro\/ro\/#website\"},\"primaryImageOfPage\":{\"@id\":\"https:\/\/theta.com.ro\/ro\/producatorul-local-de-mobilier-theta-isi-muta-sediul-central-si-showroom-ul-in-cladirea-de-birouri-city-gate-pana-in-martie-2022\/#primaryimage\"},\"datePublished\":\"2021-08-12T07:06:08+00:00\",\"dateModified\":\"2022-05-26T07:35:25+00:00\",\"breadcrumb\":{\"@id\":\"https:\/\/theta.com.ro\/ro\/producatorul-local-de-mobilier-theta-isi-muta-sediul-central-si-showroom-ul-in-cladirea-de-birouri-city-gate-pana-in-martie-2022\/#breadcrumb\"},\"inLanguage\":\"ro-RO\",\"potentialAction\":[{\"@type\":\"ReadAction\",\"target\":[\"https:\/\/theta.com.ro\/ro\/producatorul-local-de-mobilier-theta-isi-muta-sediul-central-si-showroom-ul-in-cladirea-de-birouri-city-gate-pana-in-martie-2022\/\"]}]},{\"@type\":\"BreadcrumbList\",\"@id\":\"https:\/\/theta.com.ro\/ro\/producatorul-local-de-mobilier-theta-isi-muta-sediul-central-si-showroom-ul-in-cladirea-de-birouri-city-gate-pana-in-martie-2022\/#breadcrumb\",\"itemListElement\":[{\"@type\":\"ListItem\",\"position\":1,\"name\":\"Home\",\"item\":\"https:\/\/theta.com.ro\/ro\/\"},{\"@type\":\"ListItem\",\"position\":2,\"name\":\"Produc\\u0103torul local de mobilier Theta \\u00ee\\u015fi mut\\u0103 sediul central \\u015fi showroom-ul \\u00een cl\\u0103direa de birouri City Gate, p\\u00e2n\\u0103 \\u00een martie 2022\"}]},{\"@type\":\"Article\",\"@id\":\"https:\/\/theta.com.ro\/ro\/producatorul-local-de-mobilier-theta-isi-muta-sediul-central-si-showroom-ul-in-cladirea-de-birouri-city-gate-pana-in-martie-2022\/#article\",\"isPartOf\":{\"@id\":\"https:\/\/theta.com.ro\/ro\/producatorul-local-de-mobilier-theta-isi-muta-sediul-central-si-showroom-ul-in-cladirea-de-birouri-city-gate-pana-in-martie-2022\/#webpage\"},\"author\":{\"@id\":\"https:\/\/theta.com.ro\/ro\/#\/schema\/person\/3ae90dffa64cb909bb448b3ba0286c3a\"},\"headline\":\"Produc\\u0103torul local de mobilier Theta \\u00ee\\u015fi mut\\u0103 sediul central \\u015fi showroom-ul \\u00een cl\\u0103direa de birouri City Gate, p\\u00e2n\\u0103 \\u00een martie 2022\",\"datePublished\":\"2021-08-12T07:06:08+00:00\",\"dateModified\":\"2022-05-26T07:35:25+00:00\",\"mainEntityOfPage\":{\"@id\":\"https:\/\/theta.com.ro\/ro\/producatorul-local-de-mobilier-theta-isi-muta-sediul-central-si-showroom-ul-in-cladirea-de-birouri-city-gate-pana-in-martie-2022\/#webpage\"},\"wordCount\":130,\"commentCount\":0,\"publisher\":{\"@id\":\"https:\/\/theta.com.ro\/ro\/#organization\"},\"image\":{\"@id\":\"https:\/\/theta.com.ro\/ro\/producatorul-local-de-mobilier-theta-isi-muta-sediul-central-si-showroom-ul-in-cladirea-de-birouri-city-gate-pana-in-martie-2022\/#primaryimage\"},\"thumbnailUrl\":\"https:\/\/theta.com.ro\/wp-content\/uploads\/2021\/08\/city-gate-gtc-romania-002.jpg\",\"keywords\":[\"homepage\",\"listing\"],\"articleSection\":[\"Articole\"],\"inLanguage\":\"ro-RO\",\"potentialAction\":[{\"@type\":\"CommentAction\",\"name\":\"Comment\",\"target\":[\"https:\/\/theta.com.ro\/ro\/producatorul-local-de-mobilier-theta-isi-muta-sediul-central-si-showroom-ul-in-cladirea-de-birouri-city-gate-pana-in-martie-2022\/#respond\"]}]},{\"@type\":\"Person\",\"@id\":\"https:\/\/theta.com.ro\/ro\/#\/schema\/person\/3ae90dffa64cb909bb448b3ba0286c3a\",\"name\":\"admin\",\"image\":{\"@type\":\"ImageObject\",\"@id\":\"https:\/\/theta.com.ro\/ro\/#personlogo\",\"inLanguage\":\"ro-RO\",\"url\":\"https:\/\/secure.gravatar.com\/avatar\/ca84882bae0e1d313b444d0b0619c28e16c83d6bb09108b1c63b19367d017437?s=96&d=mm&r=g\",\"contentUrl\":\"https:\/\/secure.gravatar.com\/avatar\/ca84882bae0e1d313b444d0b0619c28e16c83d6bb09108b1c63b19367d017437?s=96&d=mm&r=g\",\"caption\":\"admin\"},\"sameAs\":[\"https:\/\/theta.com.ro\"]}]}<\/script>\n<!-- \/ Yoast SEO plugin. -->","yoast_head_json":{"title":"Produc\u0103torul local de mobilier Theta \u00ee\u015fi mut\u0103 sediul central \u015fi showroom-ul \u00een cl\u0103direa de birouri City Gate, p\u00e2n\u0103 \u00een martie 2022 - Theta Furniture &amp; More","robots":{"index":"index","follow":"follow","max-snippet":"max-snippet:-1","max-image-preview":"max-image-preview:large","max-video-preview":"max-video-preview:-1"},"canonical":"https:\/\/theta.com.ro\/ro\/producatorul-local-de-mobilier-theta-isi-muta-sediul-central-si-showroom-ul-in-cladirea-de-birouri-city-gate-pana-in-martie-2022\/","og_locale":"ro_RO","og_type":"article","og_title":"Produc\u0103torul local de mobilier Theta \u00ee\u015fi mut\u0103 sediul central \u015fi showroom-ul \u00een cl\u0103direa de birouri City Gate, p\u00e2n\u0103 \u00een martie 2022 - Theta Furniture &amp; More","og_description":"Produc\u0103torul local de mobilier \u015fi consultan\u0163\u0103 \u00een design interior Theta a \u00eenchiriat 1000 mp \u00een cl\u0103direa de birouri City Gate \u015fi va transfera aici sediul central \u015fi showroom-ul, p\u00e2n\u0103 \u00een martie 2022. Contractul de \u00eenchiriere a fost semnat pe o perioad\u0103 de 5 ani. \u201eSuntem foarte bucuro\u0219i s\u0103 anun\u021b\u0103m mutarea sediului nostru central \u0219i a [&hellip;]","og_url":"https:\/\/theta.com.ro\/ro\/producatorul-local-de-mobilier-theta-isi-muta-sediul-central-si-showroom-ul-in-cladirea-de-birouri-city-gate-pana-in-martie-2022\/","og_site_name":"Theta Furniture &amp; More","article_published_time":"2021-08-12T07:06:08+00:00","article_modified_time":"2022-05-26T07:35:25+00:00","og_image":[{"width":1690,"height":1010,"url":"https:\/\/theta.com.ro\/wp-content\/uploads\/2021\/08\/city-gate-gtc-romania-002.jpg","path":"\/home\/thetacom\/public_html\/wp-content\/uploads\/2021\/08\/city-gate-gtc-romania-002.jpg","size":"full","id":6047,"alt":"","pixels":1706900,"type":"image\/jpeg"}],"twitter_card":"summary_large_image","twitter_misc":{"Scris de":"admin","Timp estimat pentru citire":"1 minut"},"schema":{"@context":"https:\/\/schema.org","@graph":[{"@type":"Organization","@id":"https:\/\/theta.com.ro\/ro\/#organization","name":"Theta Furniture & More","url":"https:\/\/theta.com.ro\/ro\/","sameAs":[],"logo":{"@type":"ImageObject","@id":"https:\/\/theta.com.ro\/ro\/#logo","inLanguage":"ro-RO","url":"https:\/\/theta.com.ro\/wp-content\/uploads\/2021\/06\/Theta_logo.png","contentUrl":"https:\/\/theta.com.ro\/wp-content\/uploads\/2021\/06\/Theta_logo.png","width":236,"height":84,"caption":"Theta Furniture & More"},"image":{"@id":"https:\/\/theta.com.ro\/ro\/#logo"}},{"@type":"WebSite","@id":"https:\/\/theta.com.ro\/ro\/#website","url":"https:\/\/theta.com.ro\/ro\/","name":"Theta Furniture &amp; More","description":"Furniture &amp; More","publisher":{"@id":"https:\/\/theta.com.ro\/ro\/#organization"},"potentialAction":[{"@type":"SearchAction","target":{"@type":"EntryPoint","urlTemplate":"https:\/\/theta.com.ro\/ro\/?s={search_term_string}"},"query-input":"required name=search_term_string"}],"inLanguage":"ro-RO"},{"@type":"ImageObject","@id":"https:\/\/theta.com.ro\/ro\/producatorul-local-de-mobilier-theta-isi-muta-sediul-central-si-showroom-ul-in-cladirea-de-birouri-city-gate-pana-in-martie-2022\/#primaryimage","inLanguage":"ro-RO","url":"https:\/\/theta.com.ro\/wp-content\/uploads\/2021\/08\/city-gate-gtc-romania-002.jpg","contentUrl":"https:\/\/theta.com.ro\/wp-content\/uploads\/2021\/08\/city-gate-gtc-romania-002.jpg","width":1690,"height":1010},{"@type":"WebPage","@id":"https:\/\/theta.com.ro\/ro\/producatorul-local-de-mobilier-theta-isi-muta-sediul-central-si-showroom-ul-in-cladirea-de-birouri-city-gate-pana-in-martie-2022\/#webpage","url":"https:\/\/theta.com.ro\/ro\/producatorul-local-de-mobilier-theta-isi-muta-sediul-central-si-showroom-ul-in-cladirea-de-birouri-city-gate-pana-in-martie-2022\/","name":"Produc\u0103torul local de mobilier Theta \u00ee\u015fi mut\u0103 sediul central \u015fi showroom-ul \u00een cl\u0103direa de birouri City Gate, p\u00e2n\u0103 \u00een martie 2022 - Theta Furniture &amp; More","isPartOf":{"@id":"https:\/\/theta.com.ro\/ro\/#website"},"primaryImageOfPage":{"@id":"https:\/\/theta.com.ro\/ro\/producatorul-local-de-mobilier-theta-isi-muta-sediul-central-si-showroom-ul-in-cladirea-de-birouri-city-gate-pana-in-martie-2022\/#primaryimage"},"datePublished":"2021-08-12T07:06:08+00:00","dateModified":"2022-05-26T07:35:25+00:00","breadcrumb":{"@id":"https:\/\/theta.com.ro\/ro\/producatorul-local-de-mobilier-theta-isi-muta-sediul-central-si-showroom-ul-in-cladirea-de-birouri-city-gate-pana-in-martie-2022\/#breadcrumb"},"inLanguage":"ro-RO","potentialAction":[{"@type":"ReadAction","target":["https:\/\/theta.com.ro\/ro\/producatorul-local-de-mobilier-theta-isi-muta-sediul-central-si-showroom-ul-in-cladirea-de-birouri-city-gate-pana-in-martie-2022\/"]}]},{"@type":"BreadcrumbList","@id":"https:\/\/theta.com.ro\/ro\/producatorul-local-de-mobilier-theta-isi-muta-sediul-central-si-showroom-ul-in-cladirea-de-birouri-city-gate-pana-in-martie-2022\/#breadcrumb","itemListElement":[{"@type":"ListItem","position":1,"name":"Home","item":"https:\/\/theta.com.ro\/ro\/"},{"@type":"ListItem","position":2,"name":"Produc\u0103torul local de mobilier Theta \u00ee\u015fi mut\u0103 sediul central \u015fi showroom-ul \u00een cl\u0103direa de birouri City Gate, p\u00e2n\u0103 \u00een martie 2022"}]},{"@type":"Article","@id":"https:\/\/theta.com.ro\/ro\/producatorul-local-de-mobilier-theta-isi-muta-sediul-central-si-showroom-ul-in-cladirea-de-birouri-city-gate-pana-in-martie-2022\/#article","isPartOf":{"@id":"https:\/\/theta.com.ro\/ro\/producatorul-local-de-mobilier-theta-isi-muta-sediul-central-si-showroom-ul-in-cladirea-de-birouri-city-gate-pana-in-martie-2022\/#webpage"},"author":{"@id":"https:\/\/theta.com.ro\/ro\/#\/schema\/person\/3ae90dffa64cb909bb448b3ba0286c3a"},"headline":"Produc\u0103torul local de mobilier Theta \u00ee\u015fi mut\u0103 sediul central \u015fi showroom-ul \u00een cl\u0103direa de birouri City Gate, p\u00e2n\u0103 \u00een martie 2022","datePublished":"2021-08-12T07:06:08+00:00","dateModified":"2022-05-26T07:35:25+00:00","mainEntityOfPage":{"@id":"https:\/\/theta.com.ro\/ro\/producatorul-local-de-mobilier-theta-isi-muta-sediul-central-si-showroom-ul-in-cladirea-de-birouri-city-gate-pana-in-martie-2022\/#webpage"},"wordCount":130,"commentCount":0,"publisher":{"@id":"https:\/\/theta.com.ro\/ro\/#organization"},"image":{"@id":"https:\/\/theta.com.ro\/ro\/producatorul-local-de-mobilier-theta-isi-muta-sediul-central-si-showroom-ul-in-cladirea-de-birouri-city-gate-pana-in-martie-2022\/#primaryimage"},"thumbnailUrl":"https:\/\/theta.com.ro\/wp-content\/uploads\/2021\/08\/city-gate-gtc-romania-002.jpg","keywords":["homepage","listing"],"articleSection":["Articole"],"inLanguage":"ro-RO","potentialAction":[{"@type":"CommentAction","name":"Comment","target":["https:\/\/theta.com.ro\/ro\/producatorul-local-de-mobilier-theta-isi-muta-sediul-central-si-showroom-ul-in-cladirea-de-birouri-city-gate-pana-in-martie-2022\/#respond"]}]},{"@type":"Person","@id":"https:\/\/theta.com.ro\/ro\/#\/schema\/person\/3ae90dffa64cb909bb448b3ba0286c3a","name":"admin","image":{"@type":"ImageObject","@id":"https:\/\/theta.com.ro\/ro\/#personlogo","inLanguage":"ro-RO","url":"https:\/\/secure.gravatar.com\/avatar\/ca84882bae0e1d313b444d0b0619c28e16c83d6bb09108b1c63b19367d017437?s=96&d=mm&r=g","contentUrl":"https:\/\/secure.gravatar.com\/avatar\/ca84882bae0e1d313b444d0b0619c28e16c83d6bb09108b1c63b19367d017437?s=96&d=mm&r=g","caption":"admin"},"sameAs":["https:\/\/theta.com.ro"]}]}},"_links":{"self":[{"href":"https:\/\/theta.com.ro\/ro\/wp-json\/wp\/v2\/posts\/6057","targetHints":{"allow":["GET"]}}],"collection":[{"href":"https:\/\/theta.com.ro\/ro\/wp-json\/wp\/v2\/posts"}],"about":[{"href":"https:\/\/theta.com.ro\/ro\/wp-json\/wp\/v2\/types\/post"}],"author":[{"embeddable":true,"href":"https:\/\/theta.com.ro\/ro\/wp-json\/wp\/v2\/users\/1"}],"replies":[{"embeddable":true,"href":"https:\/\/theta.com.ro\/ro\/wp-json\/wp\/v2\/comments?post=6057"}],"version-history":[{"count":17,"href":"https:\/\/theta.com.ro\/ro\/wp-json\/wp\/v2\/posts\/6057\/revisions"}],"predecessor-version":[{"id":7497,"href":"https:\/\/theta.com.ro\/ro\/wp-json\/wp\/v2\/posts\/6057\/revisions\/7497"}],"wp:featuredmedia":[{"embeddable":true,"href":"https:\/\/theta.com.ro\/ro\/wp-json\/wp\/v2\/media\/6047"}],"wp:attachment":[{"href":"https:\/\/theta.com.ro\/ro\/wp-json\/wp\/v2\/media?parent=6057"}],"wp:term":[{"taxonomy":"category","embeddable":true,"href":"https:\/\/theta.com.ro\/ro\/wp-json\/wp\/v2\/categories?post=6057"},{"taxonomy":"post_tag","embeddable":true,"href":"https:\/\/theta.com.ro\/ro\/wp-json\/wp\/v2\/tags?post=6057"}],"curies":[{"name":"wp","href":"https:\/\/api.w.org\/{rel}","templated":true}]}}