{"id":8280,"date":"2023-02-06T10:10:15","date_gmt":"2023-02-06T10:10:15","guid":{"rendered":"https:\/\/theta.com.ro\/?p=8280"},"modified":"2023-02-07T09:28:56","modified_gmt":"2023-02-07T09:28:56","slug":"catalin-rotaru-noul-director-general-theta","status":"publish","type":"post","link":"https:\/\/theta.com.ro\/ro\/catalin-rotaru-noul-director-general-theta\/","title":{"rendered":"Produc\u0103torul de mobilier THETA Furniture l-a numit \u00een func\u0163ia de director general pe C\u0103t\u0103lin Rotaru"},"content":{"rendered":"\t\t<div data-elementor-type=\"wp-post\" data-elementor-id=\"8280\" class=\"elementor elementor-8280 elementor-8272\">\n\t\t\t\t\t\t\t\t\t<section class=\"elementor-section elementor-top-section elementor-element elementor-element-0c91f12 elementor-section-boxed elementor-section-height-default elementor-section-height-default\" data-id=\"0c91f12\" data-element_type=\"section\">\n\t\t\t\t\t\t<div class=\"elementor-container elementor-column-gap-default\">\n\t\t\t\t\t<div class=\"elementor-column elementor-col-100 elementor-top-column elementor-element elementor-element-541eb00\" data-id=\"541eb00\" data-element_type=\"column\">\n\t\t\t<div class=\"elementor-widget-wrap elementor-element-populated\">\n\t\t\t\t\t\t\t\t<div class=\"elementor-element elementor-element-0a00c6a elementor-widget elementor-widget-text-editor\" data-id=\"0a00c6a\" data-element_type=\"widget\" data-widget_type=\"text-editor.default\">\n\t\t\t\t<div class=\"elementor-widget-container\">\n\t\t\t\t\t\t\t<p>THETA Furniture &amp; More, care are o fabric\u0103 de mobilier custom-made \u00een localitatea P\u0103ule\u015fti (jud. Prahova), , l-a numit pe C\u0103t\u0103lin Rotaru \u00een pozi\u0163ia de director general al companiei, \u00eencep\u00e2nd cu 01 februarie 2023. El preia astfel conducerea executiv\u0103 a companiei de la fondatorul acesteia, Florin Gheorghe.<\/p><p>Specializat \u00een ingineria materialelor, C\u0103t\u0103lin Rotaru are aproape 24 de ani de experien\u0163\u0103 \u00een industria ceramicii. \u00cenainte de a se al\u0103tura THETA, C\u0103t\u0103lin a ocupat timp de patru ani pozi\u0163ia de Group Commercial Manager la KAI, companie produc\u0103toare de ceramic\u0103 de\u0163inut\u0103 de Marazzi Group (parte din Mohawk Industries, lider mondial \u00een produse pentru pardoseli). P\u00e2n\u0103 la achizi\u0163ia acesteia de c\u0103tre compania american\u0103, el a fost timp de 10 ani country manager pentru Rom\u00e2nia, reu\u015find s\u0103 dezvolte KAI de la nivelul de nou intrat pe pia\u0163\u0103 p\u00e2n\u0103 la cel mai important furnizor de pl\u0103ci ceramice din \u0163ar\u0103.<\/p><p>\u00cen pozi\u0163iile ocupate anterior la al\u0163i juc\u0103tori de v\u00e2rf din domeniu, precum Lasselsberger sau Cesarom, Delta Distribution, C\u0103t\u0103lin Rotaru a coordonat activit\u0103\u0163i de produc\u0163ie, v\u00e2nz\u0103ri \u015fi marketing (de la proiectarea \u015fi produc\u0163ia pl\u0103cilor, managementul produselor \u015fi m\u0103rcii, dezvoltarea rela\u0163iilor comerciale cu o gam\u0103 larg\u0103 de vendori \u015fi furnizori responsabili de lan\u0163ul de aprovizionare).<\/p><p>C\u0103t\u0103lin Rotaru a urmat cursurile de Master of Business Administration ale BISM &#8211; Bucharest International School of Management, av\u00e2nd, de asemenea, \u015fi o serie de form\u0103ri \u015fi perfec\u0163ion\u0103ri \u00een management opera\u0163ional \u015fi de echip\u0103. Are un Master \u00een Ingineria Sistemelor Industriale \u015fi a absolvit Politehnica Bucure\u015fti, Facultatea de Ingineria Materialelor.<\/p><p>\u201cSunt recunosc\u0103tor echipei extraordinare de profesioni\u015fti al\u0103turi de care am crescut compania \u00een to\u0163i ace\u015fti ani. A venit momentul s\u0103 trecem la urm\u0103torul nivel \u00een dezvoltarea noastr\u0103. Pred\u00e2ndu-i \u015ftafeta de CEO lui C\u0103t\u0103lin \u015fi p\u0103str\u00e2ndu-mi implicarea \u00een zona de dezvoltare strategic\u0103 de business, sunt sigur c\u0103, \u00eempreun\u0103, vom continua s\u0103 cre\u015ftem pe piata local\u0103 \u015fi, de asemenea, \u015fi s\u0103 devenim o companie cu prezen\u0163\u0103 interna\u0163ional\u0103 mai intens\u0103.\u201d spune Florin Gheorghe, co-fondator THETA Furniture &amp; More.<\/p><p>\u201cColabor\u00e2nd \u00eendeaproape cu juc\u0103tori din pia\u0163a de spa\u0163ii de birouri \u015fi alte spa\u0163ii comerciale din Rom\u00e2nia, este o provocare cu adev\u0103rat fascinant\u0103 s\u0103 m\u0103 \u00eendrept acum c\u0103tre amenaj\u0103ri interioare \u015fi fit-out. Consolidarea pozi\u0163iei de lider pe pia\u0163a local\u0103 de amenajare interioar\u0103 \u015fi amplificarea promisiunii companiei de a livra solu\u0163ii inovatoare \u015fi creative \u00een calitate de antreprenor general de interior de renume, consider ca sunt obiective relevante \u00een procesul de dezvoltare a companiei. Avantajul competitiv de a de\u0163ine propria fabric\u0103 de produc\u0163ie mobilier personalizat va reprezenta \u00een continuare punctul forte al companiei. Peste jum\u0103tate din proiectele livrate de echipa THETA sunt proiectate \u015fi executate \u00een fabric\u0103 \u015fi ne dorim ca termenul \u201cfabricat \u00een Rom\u00e2nia\u201d s\u0103 nu fie asociat doar cu tradi\u0163ia, dar \u015fi cu calitatea\u201d, a declarat \u015fi C\u0103t\u0103lin Rotaru.<\/p><p>\u00a0<\/p><div class=\"sursa-articol\">Sursa <strong><a href=\"https:\/\/www.zf.ro\/companii\/retail-agrobusiness\/producatorul-de-mobilier-theta-furniture-l-a-numit-in-functia-de-21577340\" target=\"_blank\" rel=\"noopener\">zf.ro<\/a><\/strong><\/div>\t\t\t\t\t\t<\/div>\n\t\t\t\t<\/div>\n\t\t\t\t\t<\/div>\n\t\t<\/div>\n\t\t\t\t\t\t\t<\/div>\n\t\t<\/section>\n\t\t\t\t\t\t\t<\/div>\n\t\t","protected":false},"excerpt":{"rendered":"<p>THETA Furniture &amp; More, care are o fabric\u0103 de mobilier custom-made \u00een localitatea P\u0103ule\u015fti (jud. Prahova), , l-a numit pe C\u0103t\u0103lin Rotaru \u00een pozi\u0163ia de director general al companiei, \u00eencep\u00e2nd cu 01 februarie 2023. El preia astfel conducerea executiv\u0103 a companiei de la fondatorul acesteia, Florin Gheorghe. Specializat \u00een ingineria materialelor, C\u0103t\u0103lin Rotaru are aproape [&hellip;]<\/p>\n","protected":false},"author":1,"featured_media":8365,"comment_status":"open","ping_status":"open","sticky":false,"template":"","format":"standard","meta":{"footnotes":""},"categories":[28],"tags":[46],"class_list":["post-8280","post","type-post","status-publish","format-standard","has-post-thumbnail","hentry","category-press-releases-ro","tag-listing-ro"],"yoast_head":"<!-- This site is optimized with the Yoast SEO plugin v17.0 - https:\/\/yoast.com\/wordpress\/plugins\/seo\/ -->\n<title>Produc\u0103torul de mobilier THETA Furniture l-a numit \u00een func\u0163ia de director general pe C\u0103t\u0103lin Rotaru - Theta Furniture &amp; More<\/title>\n<meta name=\"robots\" content=\"index, follow, max-snippet:-1, max-image-preview:large, max-video-preview:-1\" \/>\n<link rel=\"canonical\" href=\"https:\/\/theta.com.ro\/ro\/catalin-rotaru-noul-director-general-theta\/\" \/>\n<meta property=\"og:locale\" content=\"ro_RO\" \/>\n<meta property=\"og:type\" content=\"article\" \/>\n<meta property=\"og:title\" content=\"Produc\u0103torul de mobilier THETA Furniture l-a numit \u00een func\u0163ia de director general pe C\u0103t\u0103lin Rotaru - Theta Furniture &amp; More\" \/>\n<meta property=\"og:description\" content=\"THETA Furniture &amp; More, care are o fabric\u0103 de mobilier custom-made \u00een localitatea P\u0103ule\u015fti (jud. Prahova), , l-a numit pe C\u0103t\u0103lin Rotaru \u00een pozi\u0163ia de director general al companiei, \u00eencep\u00e2nd cu 01 februarie 2023. El preia astfel conducerea executiv\u0103 a companiei de la fondatorul acesteia, Florin Gheorghe. Specializat \u00een ingineria materialelor, C\u0103t\u0103lin Rotaru are aproape [&hellip;]\" \/>\n<meta property=\"og:url\" content=\"https:\/\/theta.com.ro\/ro\/catalin-rotaru-noul-director-general-theta\/\" \/>\n<meta property=\"og:site_name\" content=\"Theta Furniture &amp; More\" \/>\n<meta property=\"article:published_time\" content=\"2023-02-06T10:10:15+00:00\" \/>\n<meta property=\"article:modified_time\" content=\"2023-02-07T09:28:56+00:00\" \/>\n<meta property=\"og:image\" content=\"https:\/\/theta.com.ro\/wp-content\/uploads\/2023\/02\/theta-scaled.jpg\" \/>\n\t<meta property=\"og:image:width\" content=\"2560\" \/>\n\t<meta property=\"og:image:height\" content=\"1707\" \/>\n<meta name=\"twitter:card\" content=\"summary_large_image\" \/>\n<meta name=\"twitter:label1\" content=\"Scris de\" \/>\n\t<meta name=\"twitter:data1\" content=\"admin\" \/>\n\t<meta name=\"twitter:label2\" content=\"Timp estimat pentru citire\" \/>\n\t<meta name=\"twitter:data2\" content=\"2 minute\" \/>\n<script type=\"application\/ld+json\" class=\"yoast-schema-graph\">{\"@context\":\"https:\/\/schema.org\",\"@graph\":[{\"@type\":\"Organization\",\"@id\":\"https:\/\/theta.com.ro\/ro\/#organization\",\"name\":\"Theta Furniture & More\",\"url\":\"https:\/\/theta.com.ro\/ro\/\",\"sameAs\":[],\"logo\":{\"@type\":\"ImageObject\",\"@id\":\"https:\/\/theta.com.ro\/ro\/#logo\",\"inLanguage\":\"ro-RO\",\"url\":\"https:\/\/theta.com.ro\/wp-content\/uploads\/2021\/06\/Theta_logo.png\",\"contentUrl\":\"https:\/\/theta.com.ro\/wp-content\/uploads\/2021\/06\/Theta_logo.png\",\"width\":236,\"height\":84,\"caption\":\"Theta Furniture & More\"},\"image\":{\"@id\":\"https:\/\/theta.com.ro\/ro\/#logo\"}},{\"@type\":\"WebSite\",\"@id\":\"https:\/\/theta.com.ro\/ro\/#website\",\"url\":\"https:\/\/theta.com.ro\/ro\/\",\"name\":\"Theta Furniture &amp; More\",\"description\":\"Furniture &amp; More\",\"publisher\":{\"@id\":\"https:\/\/theta.com.ro\/ro\/#organization\"},\"potentialAction\":[{\"@type\":\"SearchAction\",\"target\":{\"@type\":\"EntryPoint\",\"urlTemplate\":\"https:\/\/theta.com.ro\/ro\/?s={search_term_string}\"},\"query-input\":\"required name=search_term_string\"}],\"inLanguage\":\"ro-RO\"},{\"@type\":\"ImageObject\",\"@id\":\"https:\/\/theta.com.ro\/ro\/catalin-rotaru-noul-director-general-theta\/#primaryimage\",\"inLanguage\":\"ro-RO\",\"url\":\"https:\/\/theta.com.ro\/wp-content\/uploads\/2023\/02\/theta-scaled.jpg\",\"contentUrl\":\"https:\/\/theta.com.ro\/wp-content\/uploads\/2023\/02\/theta-scaled.jpg\",\"width\":2560,\"height\":1707},{\"@type\":\"WebPage\",\"@id\":\"https:\/\/theta.com.ro\/ro\/catalin-rotaru-noul-director-general-theta\/#webpage\",\"url\":\"https:\/\/theta.com.ro\/ro\/catalin-rotaru-noul-director-general-theta\/\",\"name\":\"Produc\\u0103torul de mobilier THETA Furniture l-a numit \\u00een func\\u0163ia de director general pe C\\u0103t\\u0103lin Rotaru - Theta Furniture &amp; More\",\"isPartOf\":{\"@id\":\"https:\/\/theta.com.ro\/ro\/#website\"},\"primaryImageOfPage\":{\"@id\":\"https:\/\/theta.com.ro\/ro\/catalin-rotaru-noul-director-general-theta\/#primaryimage\"},\"datePublished\":\"2023-02-06T10:10:15+00:00\",\"dateModified\":\"2023-02-07T09:28:56+00:00\",\"breadcrumb\":{\"@id\":\"https:\/\/theta.com.ro\/ro\/catalin-rotaru-noul-director-general-theta\/#breadcrumb\"},\"inLanguage\":\"ro-RO\",\"potentialAction\":[{\"@type\":\"ReadAction\",\"target\":[\"https:\/\/theta.com.ro\/ro\/catalin-rotaru-noul-director-general-theta\/\"]}]},{\"@type\":\"BreadcrumbList\",\"@id\":\"https:\/\/theta.com.ro\/ro\/catalin-rotaru-noul-director-general-theta\/#breadcrumb\",\"itemListElement\":[{\"@type\":\"ListItem\",\"position\":1,\"name\":\"Home\",\"item\":\"https:\/\/theta.com.ro\/ro\/\"},{\"@type\":\"ListItem\",\"position\":2,\"name\":\"Produc\\u0103torul de mobilier THETA Furniture l-a numit \\u00een func\\u0163ia de director general pe C\\u0103t\\u0103lin Rotaru\"}]},{\"@type\":\"Article\",\"@id\":\"https:\/\/theta.com.ro\/ro\/catalin-rotaru-noul-director-general-theta\/#article\",\"isPartOf\":{\"@id\":\"https:\/\/theta.com.ro\/ro\/catalin-rotaru-noul-director-general-theta\/#webpage\"},\"author\":{\"@id\":\"https:\/\/theta.com.ro\/ro\/#\/schema\/person\/3ae90dffa64cb909bb448b3ba0286c3a\"},\"headline\":\"Produc\\u0103torul de mobilier THETA Furniture l-a numit \\u00een func\\u0163ia de director general pe C\\u0103t\\u0103lin Rotaru\",\"datePublished\":\"2023-02-06T10:10:15+00:00\",\"dateModified\":\"2023-02-07T09:28:56+00:00\",\"mainEntityOfPage\":{\"@id\":\"https:\/\/theta.com.ro\/ro\/catalin-rotaru-noul-director-general-theta\/#webpage\"},\"wordCount\":543,\"commentCount\":0,\"publisher\":{\"@id\":\"https:\/\/theta.com.ro\/ro\/#organization\"},\"image\":{\"@id\":\"https:\/\/theta.com.ro\/ro\/catalin-rotaru-noul-director-general-theta\/#primaryimage\"},\"thumbnailUrl\":\"https:\/\/theta.com.ro\/wp-content\/uploads\/2023\/02\/theta-scaled.jpg\",\"keywords\":[\"listing\"],\"articleSection\":[\"Comunicate de pres\\u0103\"],\"inLanguage\":\"ro-RO\",\"potentialAction\":[{\"@type\":\"CommentAction\",\"name\":\"Comment\",\"target\":[\"https:\/\/theta.com.ro\/ro\/catalin-rotaru-noul-director-general-theta\/#respond\"]}]},{\"@type\":\"Person\",\"@id\":\"https:\/\/theta.com.ro\/ro\/#\/schema\/person\/3ae90dffa64cb909bb448b3ba0286c3a\",\"name\":\"admin\",\"image\":{\"@type\":\"ImageObject\",\"@id\":\"https:\/\/theta.com.ro\/ro\/#personlogo\",\"inLanguage\":\"ro-RO\",\"url\":\"https:\/\/secure.gravatar.com\/avatar\/ca84882bae0e1d313b444d0b0619c28e16c83d6bb09108b1c63b19367d017437?s=96&d=mm&r=g\",\"contentUrl\":\"https:\/\/secure.gravatar.com\/avatar\/ca84882bae0e1d313b444d0b0619c28e16c83d6bb09108b1c63b19367d017437?s=96&d=mm&r=g\",\"caption\":\"admin\"},\"sameAs\":[\"https:\/\/theta.com.ro\"]}]}<\/script>\n<!-- \/ Yoast SEO plugin. -->","yoast_head_json":{"title":"Produc\u0103torul de mobilier THETA Furniture l-a numit \u00een func\u0163ia de director general pe C\u0103t\u0103lin Rotaru - Theta Furniture &amp; More","robots":{"index":"index","follow":"follow","max-snippet":"max-snippet:-1","max-image-preview":"max-image-preview:large","max-video-preview":"max-video-preview:-1"},"canonical":"https:\/\/theta.com.ro\/ro\/catalin-rotaru-noul-director-general-theta\/","og_locale":"ro_RO","og_type":"article","og_title":"Produc\u0103torul de mobilier THETA Furniture l-a numit \u00een func\u0163ia de director general pe C\u0103t\u0103lin Rotaru - Theta Furniture &amp; More","og_description":"THETA Furniture &amp; More, care are o fabric\u0103 de mobilier custom-made \u00een localitatea P\u0103ule\u015fti (jud. Prahova), , l-a numit pe C\u0103t\u0103lin Rotaru \u00een pozi\u0163ia de director general al companiei, \u00eencep\u00e2nd cu 01 februarie 2023. El preia astfel conducerea executiv\u0103 a companiei de la fondatorul acesteia, Florin Gheorghe. Specializat \u00een ingineria materialelor, C\u0103t\u0103lin Rotaru are aproape [&hellip;]","og_url":"https:\/\/theta.com.ro\/ro\/catalin-rotaru-noul-director-general-theta\/","og_site_name":"Theta Furniture &amp; More","article_published_time":"2023-02-06T10:10:15+00:00","article_modified_time":"2023-02-07T09:28:56+00:00","og_image":[{"width":2560,"height":1707,"filesize":402477,"url":"https:\/\/theta.com.ro\/wp-content\/uploads\/2023\/02\/theta-scaled.jpg","path":"\/home\/thetacom\/public_html\/wp-content\/uploads\/2023\/02\/theta-scaled.jpg","size":"full","id":8365,"alt":"","pixels":4369920,"type":"image\/jpeg"}],"twitter_card":"summary_large_image","twitter_misc":{"Scris de":"admin","Timp estimat pentru citire":"2 minute"},"schema":{"@context":"https:\/\/schema.org","@graph":[{"@type":"Organization","@id":"https:\/\/theta.com.ro\/ro\/#organization","name":"Theta Furniture & More","url":"https:\/\/theta.com.ro\/ro\/","sameAs":[],"logo":{"@type":"ImageObject","@id":"https:\/\/theta.com.ro\/ro\/#logo","inLanguage":"ro-RO","url":"https:\/\/theta.com.ro\/wp-content\/uploads\/2021\/06\/Theta_logo.png","contentUrl":"https:\/\/theta.com.ro\/wp-content\/uploads\/2021\/06\/Theta_logo.png","width":236,"height":84,"caption":"Theta Furniture & More"},"image":{"@id":"https:\/\/theta.com.ro\/ro\/#logo"}},{"@type":"WebSite","@id":"https:\/\/theta.com.ro\/ro\/#website","url":"https:\/\/theta.com.ro\/ro\/","name":"Theta Furniture &amp; More","description":"Furniture &amp; More","publisher":{"@id":"https:\/\/theta.com.ro\/ro\/#organization"},"potentialAction":[{"@type":"SearchAction","target":{"@type":"EntryPoint","urlTemplate":"https:\/\/theta.com.ro\/ro\/?s={search_term_string}"},"query-input":"required name=search_term_string"}],"inLanguage":"ro-RO"},{"@type":"ImageObject","@id":"https:\/\/theta.com.ro\/ro\/catalin-rotaru-noul-director-general-theta\/#primaryimage","inLanguage":"ro-RO","url":"https:\/\/theta.com.ro\/wp-content\/uploads\/2023\/02\/theta-scaled.jpg","contentUrl":"https:\/\/theta.com.ro\/wp-content\/uploads\/2023\/02\/theta-scaled.jpg","width":2560,"height":1707},{"@type":"WebPage","@id":"https:\/\/theta.com.ro\/ro\/catalin-rotaru-noul-director-general-theta\/#webpage","url":"https:\/\/theta.com.ro\/ro\/catalin-rotaru-noul-director-general-theta\/","name":"Produc\u0103torul de mobilier THETA Furniture l-a numit \u00een func\u0163ia de director general pe C\u0103t\u0103lin Rotaru - Theta Furniture &amp; More","isPartOf":{"@id":"https:\/\/theta.com.ro\/ro\/#website"},"primaryImageOfPage":{"@id":"https:\/\/theta.com.ro\/ro\/catalin-rotaru-noul-director-general-theta\/#primaryimage"},"datePublished":"2023-02-06T10:10:15+00:00","dateModified":"2023-02-07T09:28:56+00:00","breadcrumb":{"@id":"https:\/\/theta.com.ro\/ro\/catalin-rotaru-noul-director-general-theta\/#breadcrumb"},"inLanguage":"ro-RO","potentialAction":[{"@type":"ReadAction","target":["https:\/\/theta.com.ro\/ro\/catalin-rotaru-noul-director-general-theta\/"]}]},{"@type":"BreadcrumbList","@id":"https:\/\/theta.com.ro\/ro\/catalin-rotaru-noul-director-general-theta\/#breadcrumb","itemListElement":[{"@type":"ListItem","position":1,"name":"Home","item":"https:\/\/theta.com.ro\/ro\/"},{"@type":"ListItem","position":2,"name":"Produc\u0103torul de mobilier THETA Furniture l-a numit \u00een func\u0163ia de director general pe C\u0103t\u0103lin Rotaru"}]},{"@type":"Article","@id":"https:\/\/theta.com.ro\/ro\/catalin-rotaru-noul-director-general-theta\/#article","isPartOf":{"@id":"https:\/\/theta.com.ro\/ro\/catalin-rotaru-noul-director-general-theta\/#webpage"},"author":{"@id":"https:\/\/theta.com.ro\/ro\/#\/schema\/person\/3ae90dffa64cb909bb448b3ba0286c3a"},"headline":"Produc\u0103torul de mobilier THETA Furniture l-a numit \u00een func\u0163ia de director general pe C\u0103t\u0103lin Rotaru","datePublished":"2023-02-06T10:10:15+00:00","dateModified":"2023-02-07T09:28:56+00:00","mainEntityOfPage":{"@id":"https:\/\/theta.com.ro\/ro\/catalin-rotaru-noul-director-general-theta\/#webpage"},"wordCount":543,"commentCount":0,"publisher":{"@id":"https:\/\/theta.com.ro\/ro\/#organization"},"image":{"@id":"https:\/\/theta.com.ro\/ro\/catalin-rotaru-noul-director-general-theta\/#primaryimage"},"thumbnailUrl":"https:\/\/theta.com.ro\/wp-content\/uploads\/2023\/02\/theta-scaled.jpg","keywords":["listing"],"articleSection":["Comunicate de pres\u0103"],"inLanguage":"ro-RO","potentialAction":[{"@type":"CommentAction","name":"Comment","target":["https:\/\/theta.com.ro\/ro\/catalin-rotaru-noul-director-general-theta\/#respond"]}]},{"@type":"Person","@id":"https:\/\/theta.com.ro\/ro\/#\/schema\/person\/3ae90dffa64cb909bb448b3ba0286c3a","name":"admin","image":{"@type":"ImageObject","@id":"https:\/\/theta.com.ro\/ro\/#personlogo","inLanguage":"ro-RO","url":"https:\/\/secure.gravatar.com\/avatar\/ca84882bae0e1d313b444d0b0619c28e16c83d6bb09108b1c63b19367d017437?s=96&d=mm&r=g","contentUrl":"https:\/\/secure.gravatar.com\/avatar\/ca84882bae0e1d313b444d0b0619c28e16c83d6bb09108b1c63b19367d017437?s=96&d=mm&r=g","caption":"admin"},"sameAs":["https:\/\/theta.com.ro"]}]}},"_links":{"self":[{"href":"https:\/\/theta.com.ro\/ro\/wp-json\/wp\/v2\/posts\/8280","targetHints":{"allow":["GET"]}}],"collection":[{"href":"https:\/\/theta.com.ro\/ro\/wp-json\/wp\/v2\/posts"}],"about":[{"href":"https:\/\/theta.com.ro\/ro\/wp-json\/wp\/v2\/types\/post"}],"author":[{"embeddable":true,"href":"https:\/\/theta.com.ro\/ro\/wp-json\/wp\/v2\/users\/1"}],"replies":[{"embeddable":true,"href":"https:\/\/theta.com.ro\/ro\/wp-json\/wp\/v2\/comments?post=8280"}],"version-history":[{"count":33,"href":"https:\/\/theta.com.ro\/ro\/wp-json\/wp\/v2\/posts\/8280\/revisions"}],"predecessor-version":[{"id":8399,"href":"https:\/\/theta.com.ro\/ro\/wp-json\/wp\/v2\/posts\/8280\/revisions\/8399"}],"wp:featuredmedia":[{"embeddable":true,"href":"https:\/\/theta.com.ro\/ro\/wp-json\/wp\/v2\/media\/8365"}],"wp:attachment":[{"href":"https:\/\/theta.com.ro\/ro\/wp-json\/wp\/v2\/media?parent=8280"}],"wp:term":[{"taxonomy":"category","embeddable":true,"href":"https:\/\/theta.com.ro\/ro\/wp-json\/wp\/v2\/categories?post=8280"},{"taxonomy":"post_tag","embeddable":true,"href":"https:\/\/theta.com.ro\/ro\/wp-json\/wp\/v2\/tags?post=8280"}],"curies":[{"name":"wp","href":"https:\/\/api.w.org\/{rel}","templated":true}]}}